{"id":3293,"date":"2021-03-23T11:12:45","date_gmt":"2021-03-23T15:12:45","guid":{"rendered":"https:\/\/consistent-life.org\/blog\/?p=3293"},"modified":"2021-03-23T11:12:45","modified_gmt":"2021-03-23T15:12:45","slug":"freedom-of-speech-pandemic","status":"publish","type":"post","link":"https:\/\/consistent-life.org\/blog\/index.php\/2021\/03\/23\/freedom-of-speech-pandemic\/","title":{"rendered":"Masking Up but Not Shutting Up: Defending Freedom of Speech during a Pandemic"},"content":{"rendered":"<p>by John Whitehead<\/p>\n<p>Shortly after the World Health Organization declared Covid-19 a global pandemic, activists and journalists <a href=\"http:\/\/consistent-life.org\/blog\/index.php\/2020\/04\/21\/conflict-during-a-pandemic\/\">raised concerns<\/a> about how governments\u2019 response to the crisis might restrict freedom of expression and other civil liberties. More than a year later, we have a better sense of how the pandemic response has limited press freedom and the flow of information in the world.<\/p>\n<p><img loading=\"lazy\" decoding=\"async\" class=\"aligncenter size-full wp-image-3294\" src=\"http:\/\/consistent-life.org\/blog\/wp-content\/uploads\/2021\/03\/1-blog-plugged.jpg\" alt=\"\" width=\"625\" height=\"350\" srcset=\"https:\/\/consistent-life.org\/blog\/wp-content\/uploads\/2021\/03\/1-blog-plugged.jpg 625w, https:\/\/consistent-life.org\/blog\/wp-content\/uploads\/2021\/03\/1-blog-plugged-300x168.jpg 300w\" sizes=\"auto, (max-width: 625px) 100vw, 625px\" \/><\/p>\n<p>&nbsp;<\/p>\n<p>Some government regulations to stop Covid-19\u2019s spread\u2014such as mask requirements or social distancing measures\u2014<a href=\"http:\/\/consistent-life.org\/blog\/index.php\/2020\/07\/28\/mask-up\/\">are reasonable and justifiable<\/a>. Personal freedom is not the only value worth defending. Protecting the lives and health of people, especially vulnerable people, warrants certain restrictions.<\/p>\n<p>However, many civil authorities have gone beyond reasonable restrictions to measures such as arresting and imprisoning journalists and others for their statements or shutting down media outlets and other platforms. Such restrictions on free speech sometimes have been questionably justified as necessary to prevent the spread of false information about the pandemic.<\/p>\n<p>These issues\u2019 significance extends far beyond both the current crisis and journalists\u2019 work. Governments with the power to intimidate people or prevent information from being shared can use such power outside public health crises to silence activists or critics, including those working to defend life. Peace, pro-life, and social justice activists are all vulnerable to such power\u2019s abuse. Even public health can suffer because of restrictions on free expression: governments can shut down criticisms of inadequate responses to crises.<\/p>\n<h3><strong>Patterns of Repression<\/strong><\/h3>\n<p>Human Rights Watch, in a <a href=\"https:\/\/www.hrw.org\/news\/2021\/02\/11\/covid-19-triggers-wave-free-speech-abuse\">February 2021 report<\/a>, says that 51 governments have arrested, detained, or prosecuted thousands of people for criticizing the government response to the pandemic or other government policies. Covid-19-related public health measures have sometimes been invoked as reasons for this repression. The Committee to Protect Journalists <a href=\"https:\/\/cpj.org\/attacks-on-press-2020-journalists-killed-jailed\/\">estimated<\/a> that 274 journalists had been jailed as of December 1, 2020\u2014a new high since the 2016 peak of 272.<\/p>\n<p>Different countries offer various examples of repression. In Russia, government officials prosecuted almost 200 journalists, activists, politicians and others between March and June 2020. Their alleged crime was spreading false information about Covid-19. The Chinese government reported in January 2021 that 17,000 people had been investigated the previous year for \u201cfabricating and spreading Covid-19-releated false information online.\u201d<\/p>\n<p>Indian authorities arrested at least 640 people, including teachers, bloggers, and others, in the spring of 2020 for supposedly publishing false information about Covid. Turkey carried out a similar campaign in 2020 against \u201cprovocative Coronavirus posts\u201d on social media, detaining over 500 people. In Vietnam, officials required 650 Facebook users to remove pandemic-related posts and fined more than 160 of them.<\/p>\n<p>Human Rights Watch also notes that at least 12 countries have shut down, suspended, or otherwise interfered with newspapers, television stations, and social media accounts because of pandemic-related reports. In Malaysia, an Al Jazeera documentary on migrant workers\u2019 plight during the pandemic was met with a <a href=\"https:\/\/abcnews.go.com\/International\/wireStory\/malaysia-police-raid-al-jazeeras-office-seize-computers-72165387\">police investigation<\/a> that included questioning of journalists, a raid on Al Jazeera\u2019s offices and two local television stations, confiscation of Al Jazeera computers, and refusal to renew two journalists\u2019 visas. A migrant worker featured in the documentary was deported.<\/p>\n<p>Health workers have been among those targeted for repression. Nine medical staff in Egypt who complained about a lack of protective medical equipment and Covid testing were detained on charges including \u201cspreading fake news\u201d and \u201cmisusing social media.\u201d In May 2020, Dr. Ibrahim Bediwy warned about censorship in an online message that said \u201cAny doctor in the current situation is not safe.\u201d Bediwy was then arrested on terrorism charges and detained until January 2021.<\/p>\n<p>Even wealth is not necessarily protection against repressive measures. Ren Zhiqiang, a prominent retired Chinese businessman, harshly criticized the government\u2019s pandemic response. He was then detained by authorities, expelled from the Communist Party, and, in September 2020, <a href=\"https:\/\/www.nytimes.com\/2020\/09\/22\/world\/asia\/china-ren-zhiqiang-tycoon.html\">sentenced to 18 years in prison<\/a>. The sentence was supposedly for various financial crimes but may well have been punishment for his public comments.<\/p>\n<p>Repression of speech sometimes has been violent or otherwise abusive. In India, <a href=\"https:\/\/cpj.org\/2020\/03\/journalists-assaulted-by-police-amid-coronavirus-l\/\">police beat journalists<\/a> in Hyderabad and Delhi in March 2020 In April 2020, journalists in Haiti were attacked by unidentified men while investigating claims that the government\u2019s National Identification Office was violating social distancing guidelines. In Venezuela, police detained Iv\u00e1n Virg\u00fcez, a lawyer and human rights activist who had criticized the official pandemic response. While in police custody, Virg\u00fcez was kept handcuffed to a metal tube about two feet off the ground for two hours and denied use of a bathroom for over a day.<\/p>\n<p>Perhaps the most notable example of abusive repression of journalism is the case of Mohamed Monir in Egypt. Monir\u2019s reporting included criticism of the government\u2019s pandemic response. Whether as retaliation for such criticism or for other reasons, Monir was <a href=\"https:\/\/cpj.org\/2020\/06\/egyptian-journalist-mohamed-monir-detained-charged-with-spreading-false-news\/\">arrested in June 2020<\/a> and charged with joining a terrorist group, spreading false news, and misusing social media. An older man with health problems, Monir spent over two weeks in detention and <a href=\"https:\/\/cpj.org\/2020\/07\/egyptian-journalist-mohamed-monir-dies-after-contracting-covid-19-in-pretrial-detention\/\">eventually died<\/a>\u2014of Covid-19.<\/p>\n<p><img loading=\"lazy\" decoding=\"async\" class=\"aligncenter size-large wp-image-3296\" src=\"http:\/\/consistent-life.org\/blog\/wp-content\/uploads\/2021\/03\/1-blog-declare-1024x678.jpg\" alt=\"\" width=\"511\" height=\"338\" srcset=\"https:\/\/consistent-life.org\/blog\/wp-content\/uploads\/2021\/03\/1-blog-declare-1024x678.jpg 1024w, https:\/\/consistent-life.org\/blog\/wp-content\/uploads\/2021\/03\/1-blog-declare-300x199.jpg 300w, https:\/\/consistent-life.org\/blog\/wp-content\/uploads\/2021\/03\/1-blog-declare-768x509.jpg 768w, https:\/\/consistent-life.org\/blog\/wp-content\/uploads\/2021\/03\/1-blog-declare-1536x1018.jpg 1536w, https:\/\/consistent-life.org\/blog\/wp-content\/uploads\/2021\/03\/1-blog-declare.jpg 2000w\" sizes=\"auto, (max-width: 511px) 100vw, 511px\" \/><\/p>\n<h3><strong>Defending Freedom of Speech<\/strong><\/h3>\n<p>Given Covid-19\u2019s terrible toll\u2014<a href=\"https:\/\/covid19.who.int\/\">almost 2.7 million deaths<\/a>, as of this writing\u2014proper public health regulations are essential. However, justifiable concerns about Covid-19 should not be used to justify repressing dissent or criticism of civil authorities. Nor should concern about false information lead us to give government officials the right to decide which information is true or false and to enforce such decisions with harassment, fines, arrest, or imprisonment. Such policies are ripe for abuse and threaten all of us who wish to protect life and are willing to criticize those in power.<\/p>\n<p style=\"text-align: center;\">========================<\/p>\n<p><em>For more of our posts on the pandemic, see:\u00a0<\/em><\/p>\n<p><a href=\"http:\/\/consistent-life.org\/blog\/index.php\/2020\/07\/28\/mask-up\/\">Mask Up: It\u2019s Pro-Life<\/a><\/p>\n<p><a href=\"http:\/\/consistent-life.org\/blog\/index.php\/2020\/12\/08\/covid-in-prisons-and-jails\/\">The Random Death Sentence: COVID in Prisons and Jails<\/a><\/p>\n<p><a href=\"http:\/\/consistent-life.org\/blog\/index.php\/2020\/04\/21\/conflict-during-a-pandemic\/\">Sickness is the Health of the State? Civil Liberties and Conflict during a Pandemic<\/a><\/p>\n<p><a href=\"http:\/\/consistent-life.org\/blog\/index.php\/2020\/04\/07\/pandemic-as-war\/\">A Healing Metaphor: Pandemic as War<\/a><\/p>\n<p><a href=\"http:\/\/consistent-life.org\/blog\/index.php\/2020\/06\/09\/post-pandemic-what-worries-me\/\">Post-pandemic: What Worries Me<\/a><\/p>\n<p><a href=\"http:\/\/consistent-life.org\/blog\/index.php\/2020\/06\/23\/global-repercussions-of-covid-19\/\">\u201cMillions Who Are Already Hanging by a Thread\u201d: The Global Repercussions of Covid-19<\/a><\/p>\n<p>&nbsp;<\/p>\n","protected":false},"excerpt":{"rendered":"<p>by John Whitehead Shortly after the World Health Organization declared Covid-19 a global pandemic, activists and journalists raised concerns about how governments\u2019 response to the crisis might restrict freedom of expression and other civil liberties. More than a year later, we have a better sense of how the pandemic response has limited press freedom and&#8230; <a href=\"https:\/\/consistent-life.org\/blog\/index.php\/2021\/03\/23\/freedom-of-speech-pandemic\/\"><\/p>\n<p><button class=\"btn btn-smaller btn-outline in_cat\">Read More<\/button><\/p>\n<p><\/a><\/p>\n","protected":false},"author":3,"featured_media":0,"comment_status":"open","ping_status":"open","sticky":false,"template":"","format":"standard","meta":{"footnotes":""},"categories":[228,227],"tags":[],"class_list":["post-3293","post","type-post","status-publish","format-standard","hentry","category-civil-liberties","category-pandemics"],"_links":{"self":[{"href":"https:\/\/consistent-life.org\/blog\/index.php\/wp-json\/wp\/v2\/posts\/3293","targetHints":{"allow":["GET"]}}],"collection":[{"href":"https:\/\/consistent-life.org\/blog\/index.php\/wp-json\/wp\/v2\/posts"}],"about":[{"href":"https:\/\/consistent-life.org\/blog\/index.php\/wp-json\/wp\/v2\/types\/post"}],"author":[{"embeddable":true,"href":"https:\/\/consistent-life.org\/blog\/index.php\/wp-json\/wp\/v2\/users\/3"}],"replies":[{"embeddable":true,"href":"https:\/\/consistent-life.org\/blog\/index.php\/wp-json\/wp\/v2\/comments?post=3293"}],"version-history":[{"count":2,"href":"https:\/\/consistent-life.org\/blog\/index.php\/wp-json\/wp\/v2\/posts\/3293\/revisions"}],"predecessor-version":[{"id":3297,"href":"https:\/\/consistent-life.org\/blog\/index.php\/wp-json\/wp\/v2\/posts\/3293\/revisions\/3297"}],"wp:attachment":[{"href":"https:\/\/consistent-life.org\/blog\/index.php\/wp-json\/wp\/v2\/media?parent=3293"}],"wp:term":[{"taxonomy":"category","embeddable":true,"href":"https:\/\/consistent-life.org\/blog\/index.php\/wp-json\/wp\/v2\/categories?post=3293"},{"taxonomy":"post_tag","embeddable":true,"href":"https:\/\/consistent-life.org\/blog\/index.php\/wp-json\/wp\/v2\/tags?post=3293"}],"curies":[{"name":"wp","href":"https:\/\/api.w.org\/{rel}","templated":true}]}}